{"id":796,"date":"2026-08-10T22:42:01","date_gmt":"2026-08-10T22:42:01","guid":{"rendered":"https:\/\/studiophysiocs.com\/?p=796"},"modified":"2026-08-10T23:00:56","modified_gmt":"2026-08-10T23:00:56","slug":"bien-choisir-le-sac-a-dos-de-son-enfant-pour-la-rentree","status":"publish","type":"post","link":"https:\/\/studiophysiocs.com\/?p=796","title":{"rendered":"Bien choisir le sac \u00e0 dos de son enfant pour la rentr\u00e9e"},"content":{"rendered":"\n<figure class=\"wp-block-image size-large\"><img fetchpriority=\"high\" decoding=\"async\" width=\"1024\" height=\"379\" src=\"https:\/\/studiophysiocs.com\/wp-content\/uploads\/2026\/08\/Creation-sans-titre-6-1024x379.png\" alt=\"\" class=\"wp-image-797\" srcset=\"https:\/\/studiophysiocs.com\/wp-content\/uploads\/2026\/08\/Creation-sans-titre-6-1024x379.png 1024w, https:\/\/studiophysiocs.com\/wp-content\/uploads\/2026\/08\/Creation-sans-titre-6-300x111.png 300w, https:\/\/studiophysiocs.com\/wp-content\/uploads\/2026\/08\/Creation-sans-titre-6-768x284.png 768w, https:\/\/studiophysiocs.com\/wp-content\/uploads\/2026\/08\/Creation-sans-titre-6-1536x568.png 1536w, https:\/\/studiophysiocs.com\/wp-content\/uploads\/2026\/08\/Creation-sans-titre-6-2048x758.png 2048w\" sizes=\"(max-width: 1024px) 100vw, 1024px\" \/><\/figure>\n\n\n\n<p class=\"wp-block-paragraph\">La rentr\u00e9e scolaire approche, et avec elle, la traditionnelle magasinage du sac \u00e0 dos. Entre les couleurs pr\u00e9f\u00e9r\u00e9es, les personnages \u00e0 la mode et le budget, un crit\u00e8re est trop souvent oubli\u00e9 : la sant\u00e9 du dos de votre enfant.<\/p>\n\n\n\n<p class=\"wp-block-paragraph\">Pourtant, ce n&rsquo;est pas un d\u00e9tail.&nbsp;<strong>35 % des enfants de 9 ans se plaignent de douleurs au dos<\/strong>&nbsp;(source : Ordre professionnel de la physioth\u00e9rapie du Qu\u00e9bec, d\u00e9pliant&nbsp;<em>Bon sac \u00e0 dos, bon dos<\/em>). Un sac mal choisi ou mal ajust\u00e9 peut cr\u00e9er un d\u00e9s\u00e9quilibre postural, une surcharge sur les \u00e9paules et le bas du dos, et des inconforts qui perdurent tout au long de l&rsquo;ann\u00e9e scolaire.<\/p>\n\n\n\n<p class=\"wp-block-paragraph\">La bonne nouvelle : quelques principes simples suffisent pour \u00e9viter la majorit\u00e9 de ces probl\u00e8mes. Voici nos 5 conseils.<\/p>\n\n\n\n<h2 class=\"wp-block-heading\">1. Des bretelles adapt\u00e9es<\/h2>\n\n\n\n<p class=\"wp-block-paragraph\">Les bretelles sont le premier point de contact entre le sac et le corps de votre enfant; leur qualit\u00e9 fait toute la diff\u00e9rence.<\/p>\n\n\n\n<ul class=\"wp-block-list\">\n<li>Larges et rembourr\u00e9es aux \u00e9paules, plus \u00e9troites sous les aisselles<\/li>\n\n\n\n<li>Une ceinture \u00e0 la hanche, pour transf\u00e9rer une partie du poids sur le bassin plut\u00f4t que sur les \u00e9paules<\/li>\n\n\n\n<li>Bien ajust\u00e9es, pour que le sac reste coll\u00e9 au corps plut\u00f4t que de pendre vers l&rsquo;arri\u00e8re<\/li>\n<\/ul>\n\n\n\n<h2 class=\"wp-block-heading\">2. La bonne hauteur et la bonne taille<\/h2>\n\n\n\n<p class=\"wp-block-paragraph\">Un sac trop grand ou mal positionn\u00e9 change compl\u00e8tement la posture de l&rsquo;enfant.<\/p>\n\n\n\n<ul class=\"wp-block-list\">\n<li>Le bas du sac doit arriver entre 5 et 10 cm sous la taille<\/li>\n\n\n\n<li>Le sac doit reposer sur le dos; jamais recouvrir les fesses<\/li>\n\n\n\n<li>Sa largeur ne devrait pas d\u00e9passer celle du dos de l&rsquo;enfant<\/li>\n<\/ul>\n\n\n\n<h2 class=\"wp-block-heading\">3. Le poids maximal<\/h2>\n\n\n\n<p class=\"wp-block-paragraph\">C&rsquo;est probablement le crit\u00e8re le plus important et le plus souvent n\u00e9glig\u00e9.<\/p>\n\n\n\n<p class=\"wp-block-paragraph\">Le sac, une fois rempli, ne devrait pas d\u00e9passer\u00a0<strong>10-15% du poids corporel de l&rsquo;enfant<\/strong>. Un truc simple : pesez le sac \u00e0 la maison et comparez-le au poids de votre enfant. Si vous d\u00e9passez le seuil, c&rsquo;est le signal pour all\u00e9ger le contenu.<\/p>\n\n\n\n<p class=\"wp-block-paragraph\"><em>Il s&rsquo;agit d&rsquo;un rep\u00e8re, pas une limite absolue, puisque la capacit\u00e9 \u00e0 porter un sac peut varier d&rsquo;un enfant \u00e0 l&rsquo;autre.<\/em><\/p>\n\n\n\n<h2 class=\"wp-block-heading\">4. Bien r\u00e9partir le poids \u00e0 l&rsquo;int\u00e9rieur<\/h2>\n\n\n\n<p class=\"wp-block-paragraph\">Un sac bien rempli, mais mal organis\u00e9, peut \u00eatre tout aussi probl\u00e9matique qu&rsquo;un sac trop lourd.<\/p>\n\n\n\n<ul class=\"wp-block-list\">\n<li>Placez les objets les plus lourds (cahiers, livres) pr\u00e8s du dos, et les plus l\u00e9gers vers l&rsquo;ouverture<\/li>\n\n\n\n<li>Utilisez les diff\u00e9rentes pochettes pour \u00e9quilibrer la charge plut\u00f4t que de tout mettre dans un seul compartiment<\/li>\n\n\n\n<li>Portez toujours le sac sur les deux \u00e9paules, jamais d&rsquo;un seul c\u00f4t\u00e9, m\u00eame \u00ab juste pour un instant \u00bb<\/li>\n<\/ul>\n\n\n\n<h2 class=\"wp-block-heading\">5. V\u00e9rifiez l&rsquo;ajustement r\u00e9guli\u00e8rement<\/h2>\n\n\n\n<p class=\"wp-block-paragraph\">Un sac bien choisi peut quand m\u00eame devenir probl\u00e9matique s&rsquo;il n&rsquo;est pas bien ajust\u00e9 au quotidien.<\/p>\n\n\n\n<ul class=\"wp-block-list\">\n<li>Les bretelles doivent garder le sac coll\u00e9 au corps, sans ballottement<\/li>\n\n\n\n<li>Si votre enfant se penche vers l&rsquo;avant en marchant, c&rsquo;est un signe que le sac est trop lourd ou mal ajust\u00e9<\/li>\n\n\n\n<li>Une posture vo\u00fbt\u00e9e ou un d\u00e9s\u00e9quilibre visible pendant le port du sac ne doit pas \u00eatre ignor\u00e9<\/li>\n<\/ul>\n\n\n\n<h2 class=\"wp-block-heading\">Quand consulter en physioth\u00e9rapie<\/h2>\n\n\n\n<p class=\"wp-block-paragraph\">Si les douleurs de dos de votre enfant persistent malgr\u00e9 ces ajustements, ou s&rsquo;il pr\u00e9sente des douleurs au cou ou aux \u00e9paules, une \u00e9valuation en physioth\u00e9rapie peut faire la diff\u00e9rence. Nos physioth\u00e9rapeutes peuvent examiner la posture, la mobilit\u00e9 et l&rsquo;ajustement du sac de votre enfant, et proposer des conseils ou des exercices adapt\u00e9s pour pr\u00e9venir l&rsquo;apparition de probl\u00e8mes plus importants.<\/p>\n","protected":false},"excerpt":{"rendered":"<p>La rentr\u00e9e scolaire approche, et avec elle, la traditionnelle magasinage du sac \u00e0 dos. Entre les couleurs pr\u00e9f\u00e9r\u00e9es, les personnages \u00e0 la mode et le budget, un crit\u00e8re est trop souvent oubli\u00e9 : la sant\u00e9 du dos de votre enfant. Pourtant, ce n&rsquo;est pas un d\u00e9tail.&nbsp;35 % des enfants de 9 ans se plaignent de [&hellip;]<\/p>\n","protected":false},"author":3,"featured_media":797,"comment_status":"open","ping_status":"open","sticky":false,"template":"","format":"standard","meta":{"footnotes":""},"categories":[1],"tags":[],"class_list":["post-796","post","type-post","status-publish","format-standard","has-post-thumbnail","hentry","category-uncategorized"],"_links":{"self":[{"href":"https:\/\/studiophysiocs.com\/index.php?rest_route=\/wp\/v2\/posts\/796","targetHints":{"allow":["GET"]}}],"collection":[{"href":"https:\/\/studiophysiocs.com\/index.php?rest_route=\/wp\/v2\/posts"}],"about":[{"href":"https:\/\/studiophysiocs.com\/index.php?rest_route=\/wp\/v2\/types\/post"}],"author":[{"embeddable":true,"href":"https:\/\/studiophysiocs.com\/index.php?rest_route=\/wp\/v2\/users\/3"}],"replies":[{"embeddable":true,"href":"https:\/\/studiophysiocs.com\/index.php?rest_route=%2Fwp%2Fv2%2Fcomments&post=796"}],"version-history":[{"count":2,"href":"https:\/\/studiophysiocs.com\/index.php?rest_route=\/wp\/v2\/posts\/796\/revisions"}],"predecessor-version":[{"id":799,"href":"https:\/\/studiophysiocs.com\/index.php?rest_route=\/wp\/v2\/posts\/796\/revisions\/799"}],"wp:featuredmedia":[{"embeddable":true,"href":"https:\/\/studiophysiocs.com\/index.php?rest_route=\/wp\/v2\/media\/797"}],"wp:attachment":[{"href":"https:\/\/studiophysiocs.com\/index.php?rest_route=%2Fwp%2Fv2%2Fmedia&parent=796"}],"wp:term":[{"taxonomy":"category","embeddable":true,"href":"https:\/\/studiophysiocs.com\/index.php?rest_route=%2Fwp%2Fv2%2Fcategories&post=796"},{"taxonomy":"post_tag","embeddable":true,"href":"https:\/\/studiophysiocs.com\/index.php?rest_route=%2Fwp%2Fv2%2Ftags&post=796"}],"curies":[{"name":"wp","href":"https:\/\/api.w.org\/{rel}","templated":true}]}}